{"id":114,"date":"2025-12-19T00:00:00","date_gmt":"2025-12-18T23:00:00","guid":{"rendered":"http:\/\/stadt-adventskalender.de\/bautzen\/?p=114"},"modified":"2025-11-17T22:21:35","modified_gmt":"2025-11-17T21:21:35","slug":"19","status":"publish","type":"post","link":"https:\/\/stadt-adventskalender.de\/bautzen\/2025\/12\/19\/19\/","title":{"rendered":"19"},"content":{"rendered":"<h1>19<img loading=\"lazy\" decoding=\"async\" class=\"alignnone wp-image-25 size-full\" src=\"https:\/\/stadt-adventskalender.de\/bautzen\/wp-content\/uploads\/sites\/12\/2018\/11\/19-maske.png\" alt=\"\" width=\"300\" height=\"300\" srcset=\"https:\/\/stadt-adventskalender.de\/bautzen\/wp-content\/uploads\/sites\/12\/2018\/11\/19-maske.png 300w, https:\/\/stadt-adventskalender.de\/bautzen\/wp-content\/uploads\/sites\/12\/2018\/11\/19-maske-150x150.png 150w, https:\/\/stadt-adventskalender.de\/bautzen\/wp-content\/uploads\/sites\/12\/2018\/11\/19-maske-100x100.png 100w\" sizes=\"auto, (max-width: 300px) 100vw, 300px\" \/><\/h1>\n<h4>Trag\u00f6die<\/h4>\n<p>Die Figurenfolge des durch Ernst Rietschel gestalteten Giebels zeigt die wichtigsten Szenen des 2. und 3. Teiles der von Aischylos 458 v. Chr. beendeten \u201eOrestie\u201c. Im Mittelpunkt des Giebels steht eine symbolhafte Figur ohne direkten Bezug zum Szenenablauf: Melpomene, die Muse der Trag\u00f6die, mit der tragischen Maske und Efeu ums Haupt dargestellt. Sie teilt den Giebel in die blutige, von den G\u00f6ttern bestimmte Vergangenheit und in die vom Menschen selbstbestimmte Gegenwart und Zukunft.<br \/>\nDiese Figurengruppe des sogenannten Rietschelgiebels, die \u201eAllegorie der Trag\u00f6die\u201c, zierte bereits das von Gottfried Semper 1841 erbaute Dresdener Hoftheater, sp\u00e4ter dann das von 1905 bis 1969 genutzte Geb\u00e4ude des Bautzener Stadttheaters. 2003 wurde er im (damals neu erbauten und er\u00f6ffneten) Burgtheater des Deutsch-Sorbischen Volkstheaters wieder der \u00d6ffentlichkeit zug\u00e4nglich gemacht.<\/p>\n","protected":false},"excerpt":{"rendered":"<p>19 Trag\u00f6die Die Figurenfolge des durch Ernst Rietschel gestalteten Giebels zeigt die wichtigsten Szenen des 2. und 3. Teiles der von Aischylos 458 v. Chr. beendeten \u201eOrestie\u201c. Im Mittelpunkt des Giebels steht eine symbolhafte Figur ohne direkten Bezug zum Szenenablauf: Melpomene, die Muse der Trag\u00f6die, mit der tragischen Maske und Efeu ums Haupt dargestellt. Sie &hellip; <a href=\"https:\/\/stadt-adventskalender.de\/bautzen\/2025\/12\/19\/19\/\" class=\"more-link\"><span class=\"screen-reader-text\">19<\/span> weiterlesen<\/a><\/p>\n","protected":false},"author":1,"featured_media":0,"comment_status":"closed","ping_status":"open","sticky":false,"template":"","format":"standard","meta":{"footnotes":""},"categories":[3,1],"tags":[],"class_list":["post-114","post","type-post","status-publish","format-standard","hentry","category-alle-offenen-tuerchen","category-allgemein"],"translation":{"provider":"WPGlobus","version":"3.0.0","language":"de","enabled_languages":["de"],"languages":{"de":{"title":true,"content":true,"excerpt":false}}},"publishpress_future_action":{"enabled":false,"date":"2026-05-09 06:37:13","action":"change-status","newStatus":"draft","terms":[],"taxonomy":"category","extraData":[]},"publishpress_future_workflow_manual_trigger":{"enabledWorkflows":[]},"_links":{"self":[{"href":"https:\/\/stadt-adventskalender.de\/bautzen\/wp-json\/wp\/v2\/posts\/114","targetHints":{"allow":["GET"]}}],"collection":[{"href":"https:\/\/stadt-adventskalender.de\/bautzen\/wp-json\/wp\/v2\/posts"}],"about":[{"href":"https:\/\/stadt-adventskalender.de\/bautzen\/wp-json\/wp\/v2\/types\/post"}],"author":[{"embeddable":true,"href":"https:\/\/stadt-adventskalender.de\/bautzen\/wp-json\/wp\/v2\/users\/1"}],"replies":[{"embeddable":true,"href":"https:\/\/stadt-adventskalender.de\/bautzen\/wp-json\/wp\/v2\/comments?post=114"}],"version-history":[{"count":5,"href":"https:\/\/stadt-adventskalender.de\/bautzen\/wp-json\/wp\/v2\/posts\/114\/revisions"}],"predecessor-version":[{"id":313,"href":"https:\/\/stadt-adventskalender.de\/bautzen\/wp-json\/wp\/v2\/posts\/114\/revisions\/313"}],"wp:attachment":[{"href":"https:\/\/stadt-adventskalender.de\/bautzen\/wp-json\/wp\/v2\/media?parent=114"}],"wp:term":[{"taxonomy":"category","embeddable":true,"href":"https:\/\/stadt-adventskalender.de\/bautzen\/wp-json\/wp\/v2\/categories?post=114"},{"taxonomy":"post_tag","embeddable":true,"href":"https:\/\/stadt-adventskalender.de\/bautzen\/wp-json\/wp\/v2\/tags?post=114"}],"curies":[{"name":"wp","href":"https:\/\/api.w.org\/{rel}","templated":true}]}}