{"id":265,"date":"2025-12-02T00:00:00","date_gmt":"2025-12-01T23:00:00","guid":{"rendered":"http:\/\/stadt-adventskalender.de\/arche-noah\/?p=265"},"modified":"2025-11-15T12:21:11","modified_gmt":"2025-11-15T11:21:11","slug":"02-kinder","status":"publish","type":"post","link":"https:\/\/stadt-adventskalender.de\/arche-noah\/2025\/12\/02\/02-kinder\/","title":{"rendered":"02-kinder"},"content":{"rendered":"<h1>2<img loading=\"lazy\" decoding=\"async\" class=\"alignnone size-full wp-image-20\" src=\"https:\/\/stadt-adventskalender.de\/arche-noah\/wp-content\/uploads\/sites\/6\/2018\/10\/2-kamel.png\" alt=\"\" width=\"300\" height=\"300\" \/><\/h1>\n<h4>Ein Trampeltier im Gr\u00fcnen Gew\u00f6lbe<\/h4>\n<p>Im T\u00fcrchen findest du ein Trampeltier. Meistens nennen wir Trampeltiere einfach Kamel. Trampeltiere sind sehr gro\u00df und haben zwei H\u00f6cker. Sie leben in Asien. Die kleineren Kamele mit einem H\u00f6cker hei\u00dfen Dromedare. Sie ziehen durch die Sahara in Afrika und durch die Arabische Halbinsel. In Amerika leben ebenfalls Verwandte der Trampeltiere und Dromedare, denn Lamas und Alpakas geh\u00f6ren auch zur Kamelfamilie.<br \/>\nKamele sind gen\u00fcgsame Tiere. Zum Schutz vor Staub und Sand k\u00f6nnen sie ihre Nasenl\u00f6cher verschlie\u00dfen. Viele Leute denken, die Buckel speichern Wasser aber das ist falsch. In den Buckeln ist Fett gespeichert. Wenn das Kamel genug gefressen hat, sind seine H\u00f6cker prall gef\u00fcllt. Wenn die H\u00f6cker schlaff herunterh\u00e4ngen, sind die Fettreserven alle.<br \/>\nViele K\u00f6nige und Kaiser liebten es, exotische Tiere zu halten oder sie anderen K\u00f6nigen, F\u00fcrsten, P\u00e4psten oder Kaisern zu schenken. Kaiser Franz I. schlief am liebsten mit einem L\u00f6wen am Fu\u00dfende seines Bettes. Die kr\u00e4ftigen Trampeltiere waren beliebte Transporttiere, die leider auch in Kriegen eingesetzt wurden.<br \/>\nEinen ganzen indischen Hofstaat mit Menschen, Elefanten, Kamelen und vielen anderen Dingen aus Gold und Diamanten hat der Goldschmied Dinglinger f\u00fcr August den Starken in Dresden gemacht. Der Hofstaat steht im Gr\u00fcnen Gew\u00f6lbe, einem ber\u00fchmten Museum in Dresden.<\/p>\n","protected":false},"excerpt":{"rendered":"<p>2 Ein Trampeltier im Gr\u00fcnen Gew\u00f6lbe Im T\u00fcrchen findest du ein Trampeltier. Meistens nennen wir Trampeltiere einfach Kamel. Trampeltiere sind sehr gro\u00df und haben zwei H\u00f6cker. Sie leben in Asien. Die kleineren Kamele mit einem H\u00f6cker hei\u00dfen Dromedare. Sie ziehen durch die Sahara in Afrika und durch die Arabische Halbinsel. In Amerika leben ebenfalls Verwandte &hellip; <a href=\"https:\/\/stadt-adventskalender.de\/arche-noah\/2025\/12\/02\/02-kinder\/\" class=\"more-link\"><span class=\"screen-reader-text\">02-kinder<\/span> weiterlesen<\/a><\/p>\n","protected":false},"author":1,"featured_media":0,"comment_status":"closed","ping_status":"open","sticky":false,"template":"","format":"standard","meta":{"footnotes":""},"categories":[5,1],"tags":[],"class_list":["post-265","post","type-post","status-publish","format-standard","hentry","category-alle-offenen-tuerchen-fuer-kinder","category-allgemein"],"translation":{"provider":"WPGlobus","version":"3.0.0","language":"de","enabled_languages":["de"],"languages":{"de":{"title":true,"content":true,"excerpt":false}}},"publishpress_future_action":{"enabled":false,"date":"2026-05-09 12:02:10","action":"change-status","newStatus":"draft","terms":[],"taxonomy":"category","extraData":[]},"publishpress_future_workflow_manual_trigger":{"enabledWorkflows":[]},"_links":{"self":[{"href":"https:\/\/stadt-adventskalender.de\/arche-noah\/wp-json\/wp\/v2\/posts\/265","targetHints":{"allow":["GET"]}}],"collection":[{"href":"https:\/\/stadt-adventskalender.de\/arche-noah\/wp-json\/wp\/v2\/posts"}],"about":[{"href":"https:\/\/stadt-adventskalender.de\/arche-noah\/wp-json\/wp\/v2\/types\/post"}],"author":[{"embeddable":true,"href":"https:\/\/stadt-adventskalender.de\/arche-noah\/wp-json\/wp\/v2\/users\/1"}],"replies":[{"embeddable":true,"href":"https:\/\/stadt-adventskalender.de\/arche-noah\/wp-json\/wp\/v2\/comments?post=265"}],"version-history":[{"count":3,"href":"https:\/\/stadt-adventskalender.de\/arche-noah\/wp-json\/wp\/v2\/posts\/265\/revisions"}],"predecessor-version":[{"id":405,"href":"https:\/\/stadt-adventskalender.de\/arche-noah\/wp-json\/wp\/v2\/posts\/265\/revisions\/405"}],"wp:attachment":[{"href":"https:\/\/stadt-adventskalender.de\/arche-noah\/wp-json\/wp\/v2\/media?parent=265"}],"wp:term":[{"taxonomy":"category","embeddable":true,"href":"https:\/\/stadt-adventskalender.de\/arche-noah\/wp-json\/wp\/v2\/categories?post=265"},{"taxonomy":"post_tag","embeddable":true,"href":"https:\/\/stadt-adventskalender.de\/arche-noah\/wp-json\/wp\/v2\/tags?post=265"}],"curies":[{"name":"wp","href":"https:\/\/api.w.org\/{rel}","templated":true}]}}