{"id":201,"date":"2025-12-13T00:00:00","date_gmt":"2025-12-12T23:00:00","guid":{"rendered":"http:\/\/stadt-adventskalender.de\/arche-noah\/?p=201"},"modified":"2025-11-15T12:17:31","modified_gmt":"2025-11-15T11:17:31","slug":"13","status":"publish","type":"post","link":"https:\/\/stadt-adventskalender.de\/arche-noah\/2025\/12\/13\/13\/","title":{"rendered":"13"},"content":{"rendered":"<h1>13<img loading=\"lazy\" decoding=\"async\" class=\"alignnone wp-image-27 size-full\" src=\"https:\/\/stadt-adventskalender.de\/arche-noah\/wp-content\/uploads\/sites\/6\/2018\/10\/13-zeder.png\" alt=\"\" width=\"300\" height=\"300\" srcset=\"https:\/\/stadt-adventskalender.de\/arche-noah\/wp-content\/uploads\/sites\/6\/2018\/10\/13-zeder.png 300w, https:\/\/stadt-adventskalender.de\/arche-noah\/wp-content\/uploads\/sites\/6\/2018\/10\/13-zeder-150x150.png 150w\" sizes=\"auto, (max-width: 300px) 100vw, 300px\" \/><\/h1>\n<h4>Biblische Schreinerei<\/h4>\n<p>Fast 80 Mal wird die Zeder in der Bibel erw\u00e4hnt. Der hohe und sch\u00f6ne Baum steht f\u00fcr St\u00e4rke und Stabilit\u00e4t. K\u00f6nig Salomo beispielsweise nutzte Zedern ausgiebig beim Bau des Tempels, unter anderem lie\u00df er den Innenraum mit Zedernholz vert\u00e4feln. Nicht ganz einig scheinen sich die Bibel\u00fcbersetzer \u00fcber das Holz der Arche. Es war ein Nadelgeh\u00f6lz, zur Auswahl stehen in den Texten Tanne, Zypresse und Zeder. Tats\u00e4chlich verwendeten schon die Ph\u00f6nizier, aber auch die alten \u00c4gypter die libanesische Zeder zum Schiffbau und vielleicht hielt auch Noah sie f\u00fcr sein imposantes Schiff als geeignet. So bedeutend war der Baum, dass er die Flagge des heutigen Libanon ziert.<\/p>\n","protected":false},"excerpt":{"rendered":"<p>13 Biblische Schreinerei Fast 80 Mal wird die Zeder in der Bibel erw\u00e4hnt. Der hohe und sch\u00f6ne Baum steht f\u00fcr St\u00e4rke und Stabilit\u00e4t. K\u00f6nig Salomo beispielsweise nutzte Zedern ausgiebig beim Bau des Tempels, unter anderem lie\u00df er den Innenraum mit Zedernholz vert\u00e4feln. Nicht ganz einig scheinen sich die Bibel\u00fcbersetzer \u00fcber das Holz der Arche. Es &hellip; <a href=\"https:\/\/stadt-adventskalender.de\/arche-noah\/2025\/12\/13\/13\/\" class=\"more-link\"><span class=\"screen-reader-text\">13<\/span> weiterlesen<\/a><\/p>\n","protected":false},"author":1,"featured_media":0,"comment_status":"closed","ping_status":"open","sticky":false,"template":"","format":"standard","meta":{"footnotes":""},"categories":[3,1],"tags":[],"class_list":["post-201","post","type-post","status-publish","format-standard","hentry","category-alle-offenen-tuerchen","category-allgemein"],"translation":{"provider":"WPGlobus","version":"3.0.0","language":"de","enabled_languages":["de"],"languages":{"de":{"title":true,"content":true,"excerpt":false}}},"publishpress_future_action":{"enabled":false,"date":"2026-05-09 12:02:14","action":"change-status","newStatus":"draft","terms":[],"taxonomy":"category","extraData":[]},"publishpress_future_workflow_manual_trigger":{"enabledWorkflows":[]},"_links":{"self":[{"href":"https:\/\/stadt-adventskalender.de\/arche-noah\/wp-json\/wp\/v2\/posts\/201","targetHints":{"allow":["GET"]}}],"collection":[{"href":"https:\/\/stadt-adventskalender.de\/arche-noah\/wp-json\/wp\/v2\/posts"}],"about":[{"href":"https:\/\/stadt-adventskalender.de\/arche-noah\/wp-json\/wp\/v2\/types\/post"}],"author":[{"embeddable":true,"href":"https:\/\/stadt-adventskalender.de\/arche-noah\/wp-json\/wp\/v2\/users\/1"}],"replies":[{"embeddable":true,"href":"https:\/\/stadt-adventskalender.de\/arche-noah\/wp-json\/wp\/v2\/comments?post=201"}],"version-history":[{"count":4,"href":"https:\/\/stadt-adventskalender.de\/arche-noah\/wp-json\/wp\/v2\/posts\/201\/revisions"}],"predecessor-version":[{"id":333,"href":"https:\/\/stadt-adventskalender.de\/arche-noah\/wp-json\/wp\/v2\/posts\/201\/revisions\/333"}],"wp:attachment":[{"href":"https:\/\/stadt-adventskalender.de\/arche-noah\/wp-json\/wp\/v2\/media?parent=201"}],"wp:term":[{"taxonomy":"category","embeddable":true,"href":"https:\/\/stadt-adventskalender.de\/arche-noah\/wp-json\/wp\/v2\/categories?post=201"},{"taxonomy":"post_tag","embeddable":true,"href":"https:\/\/stadt-adventskalender.de\/arche-noah\/wp-json\/wp\/v2\/tags?post=201"}],"curies":[{"name":"wp","href":"https:\/\/api.w.org\/{rel}","templated":true}]}}