{"id":100,"date":"2025-12-14T00:00:00","date_gmt":"2025-12-13T23:00:00","guid":{"rendered":"http:\/\/stadt-adventskalender.de\/arche-noah\/2018\/10\/30\/14-heute\/"},"modified":"2025-11-15T12:20:04","modified_gmt":"2025-11-15T11:20:04","slug":"14-kinder","status":"publish","type":"post","link":"https:\/\/stadt-adventskalender.de\/arche-noah\/2025\/12\/14\/14-kinder\/","title":{"rendered":"14-kinder"},"content":{"rendered":"<h1>14<img loading=\"lazy\" decoding=\"async\" class=\"alignnone wp-image-28 size-full\" src=\"https:\/\/stadt-adventskalender.de\/arche-noah\/wp-content\/uploads\/sites\/6\/2018\/10\/14-sattel.png\" alt=\"\" width=\"300\" height=\"300\" srcset=\"https:\/\/stadt-adventskalender.de\/arche-noah\/wp-content\/uploads\/sites\/6\/2018\/10\/14-sattel.png 300w, https:\/\/stadt-adventskalender.de\/arche-noah\/wp-content\/uploads\/sites\/6\/2018\/10\/14-sattel-150x150.png 150w\" sizes=\"auto, (max-width: 300px) 100vw, 300px\" \/><\/h1>\n<h4>Alexander der Gro\u00dfe und sein Lieblingspferd<\/h4>\n<p>Bukephalos hie\u00df das Pferd des Feldherren Alexander des Gro\u00dfen. Es konnte sogar sprechen, sagten die Leute. Das Pferd war sehr wild, niemand konnte es z\u00e4hmen. Nur Alexander wu\u00dfte, wie er das Pferd besteigen konnte. Er erkannte, dass Bukephalos Angst vor seinem eigenen Schatten hatte und drehte das Pferd einfach in die andere Richtung. Daraufhin soll sein Vater Philipp gesagt haben: \u201eGeh, mein Sohn, suche dir ein eigenes K\u00f6nigreich, das deiner w\u00fcrdig ist. Makedonien ist nicht gro\u00df genug f\u00fcr dich.\u201c<br \/>\nIn der letzten gro\u00dfen Schlacht Alexanders aber ertrank der Hengst in einem<br \/>\nFlu\u00df. Alexander war furchtbar traurig und gr\u00fcndete auf dem Schlachtfeld eine Stadt in Pakistan. Er nannte sie Alexandria\u00a0Bukephalos. In der Stadt lie\u00df er f\u00fcr den Hengst ein Mausoleum errichten und beerdigte ihn prunkvoll.<\/p>\n","protected":false},"excerpt":{"rendered":"<p>14 Alexander der Gro\u00dfe und sein Lieblingspferd Bukephalos hie\u00df das Pferd des Feldherren Alexander des Gro\u00dfen. Es konnte sogar sprechen, sagten die Leute. Das Pferd war sehr wild, niemand konnte es z\u00e4hmen. Nur Alexander wu\u00dfte, wie er das Pferd besteigen konnte. Er erkannte, dass Bukephalos Angst vor seinem eigenen Schatten hatte und drehte das Pferd &hellip; <a href=\"https:\/\/stadt-adventskalender.de\/arche-noah\/2025\/12\/14\/14-kinder\/\" class=\"more-link\"><span class=\"screen-reader-text\">14-kinder<\/span> weiterlesen<\/a><\/p>\n","protected":false},"author":1,"featured_media":0,"comment_status":"closed","ping_status":"open","sticky":false,"template":"","format":"standard","meta":{"footnotes":""},"categories":[5,1],"tags":[],"class_list":["post-100","post","type-post","status-publish","format-standard","hentry","category-alle-offenen-tuerchen-fuer-kinder","category-allgemein"],"translation":{"provider":"WPGlobus","version":"3.0.0","language":"de","enabled_languages":["de"],"languages":{"de":{"title":true,"content":true,"excerpt":false}}},"publishpress_future_action":{"enabled":false,"date":"2026-05-09 12:02:10","action":"change-status","newStatus":"draft","terms":[],"taxonomy":"category","extraData":[]},"publishpress_future_workflow_manual_trigger":{"enabledWorkflows":[]},"_links":{"self":[{"href":"https:\/\/stadt-adventskalender.de\/arche-noah\/wp-json\/wp\/v2\/posts\/100","targetHints":{"allow":["GET"]}}],"collection":[{"href":"https:\/\/stadt-adventskalender.de\/arche-noah\/wp-json\/wp\/v2\/posts"}],"about":[{"href":"https:\/\/stadt-adventskalender.de\/arche-noah\/wp-json\/wp\/v2\/types\/post"}],"author":[{"embeddable":true,"href":"https:\/\/stadt-adventskalender.de\/arche-noah\/wp-json\/wp\/v2\/users\/1"}],"replies":[{"embeddable":true,"href":"https:\/\/stadt-adventskalender.de\/arche-noah\/wp-json\/wp\/v2\/comments?post=100"}],"version-history":[{"count":8,"href":"https:\/\/stadt-adventskalender.de\/arche-noah\/wp-json\/wp\/v2\/posts\/100\/revisions"}],"predecessor-version":[{"id":538,"href":"https:\/\/stadt-adventskalender.de\/arche-noah\/wp-json\/wp\/v2\/posts\/100\/revisions\/538"}],"wp:attachment":[{"href":"https:\/\/stadt-adventskalender.de\/arche-noah\/wp-json\/wp\/v2\/media?parent=100"}],"wp:term":[{"taxonomy":"category","embeddable":true,"href":"https:\/\/stadt-adventskalender.de\/arche-noah\/wp-json\/wp\/v2\/categories?post=100"},{"taxonomy":"post_tag","embeddable":true,"href":"https:\/\/stadt-adventskalender.de\/arche-noah\/wp-json\/wp\/v2\/tags?post=100"}],"curies":[{"name":"wp","href":"https:\/\/api.w.org\/{rel}","templated":true}]}}